{"id":5743,"date":"2021-11-29T15:22:19","date_gmt":"2021-11-29T14:22:19","guid":{"rendered":"https:\/\/id.infocamere.it\/news\/?p=5743"},"modified":"2024-02-02T10:27:26","modified_gmt":"2024-02-02T09:27:26","slug":"utilizza-la-tua-firma-digitale-anche-per-i-referendum","status":"publish","type":"post","link":"https:\/\/id.infocamere.it\/news\/utilizza-la-tua-firma-digitale-anche-per-i-referendum\/","title":{"rendered":"Referendum con Firma Digitale"},"content":{"rendered":"<blockquote><p><em>La libert\u00e0 non \u00e8 star sopra un albero<br \/>\nNon \u00e8 neanche avere un&#8217;opinione<br \/>\nLa libert\u00e0 non \u00e8 uno spazio libero<br \/>\nLibert\u00e0 \u00e8 partecipazione<\/em><\/p><\/blockquote>\n<p>&nbsp;<\/p>\n<p>Questa strofa de <em>La Libert\u00e0<\/em>, famosa canzone di Giorgio Gaber, pu\u00f2 essere l\u2019ideale commento alla recente raccolta record di <strong>firme<\/strong> a sostegno di alcune proposte di <strong>referendum<\/strong>.<\/p>\n<p>Perch\u00e9, al di l\u00e0 delle personali convinzioni su temi complessi e spesso delicati, l\u2019Italia ha assistito a una svolta epocale.<\/p>\n<p>&nbsp;<\/p>\n<h2><strong>Firmare Referendum con Firma Digitale<\/strong><\/h2>\n<p>&nbsp;<\/p>\n<p>Da anni, all\u2019indomani di ogni consultazione elettorale, gli analisti politici concordano su un punto: l\u2019astensionismo \u00e8 sempre pi\u00f9 spesso l\u2019unico \u201cpartito\u201d a vincere. Non solo in Italia, anzi. \u00c8 un sintomo della crisi attraversata dalla maggior parte delle democrazie moderne, dove l\u2019affluenza alle urne cala in modo esponenziale, mentre cresce il disinteresse verso la politica.<\/p>\n<p>&nbsp;<\/p>\n<p>Questa tendenza si traduce in una sempre <strong>minore partecipazione all&#8217;attivit\u00e0 democratica<\/strong>. E quindi &#8211; per dirla con Gaber &#8211; in una sempre minore libert\u00e0.<\/p>\n<p>&nbsp;<\/p>\n<p>Stavolta, per\u00f2, abbiamo assistito a una drastica inversione di tendenza.<\/p>\n<p>&nbsp;<\/p>\n<p>In pochi giorni, se non ore, i promotori di alcuni <strong>referendum<\/strong> hanno raccolto centinaia di migliaia di firme: un dato che non si pu\u00f2 spiegare solo con la maggiore propensione dei cittadini a impegnarsi o esprimersi sui temi referendari, perch\u00e9 tipicamente pi\u00f9 sentiti rispetto ai dibattiti delle normali tornate elettorali.<\/p>\n<p>&nbsp;<\/p>\n<p>Determinante \u00e8 stato invece il <strong>riconoscimento<\/strong>, con il cosiddetto Decreto Semplificazioni Bis del 2021 poi convertito in legge, <strong>della <a href=\"https:\/\/id.infocamere.it\/firma-digitale-camera-di-commercio.html\">Firma Digitale<\/a> per sottoscrivere Referendum.<\/strong><\/p>\n<p>&nbsp;<\/p>\n<p>Grazie a una pratica gi\u00e0 diffusa in quasi tutta l\u2019Unione Europea, si permette al popolo un esercizio pi\u00f9 pieno dei diritti civili politici, tra cui i cittadini in <a href=\"https:\/\/id.infocamere.it\/news\/disabilita-firma-e-identita-digitale-per-inclusione\/\">condizioni di disabilit\u00e0<\/a> motoria o malattia a cui \u00e8 impedita la facolt\u00e0 di intendere e volere.<\/p>\n<p>&nbsp;<\/p>\n<p>Insomma, al di l\u00e0 di possibili interventi futuri del legislatore su alcuni aspetti (es. il numero minimo di sottoscrizioni richieste o la necessaria percentuale del quorum), il <strong>successo di partecipazione democratica \u00e8 stato da record<\/strong>.<\/p>\n<p>&nbsp;<\/p>\n<h2><strong>La forza della Firma Digitale per Referendum\u00a0<\/strong><\/h2>\n<p>&nbsp;<\/p>\n<p>Ad agevolare il boom di <strong>firmare referendum<\/strong> ha indubbiamente contribuito la <strong>facilit\u00e0 d\u2019uso della Firma Digitale.<\/strong><\/p>\n<p>&nbsp;<\/p>\n<p>Pensiamo, ad esempio, alla raccolta di firme per il <strong>referendum<\/strong> sull\u2019eutanasia legale.<\/p>\n<p>&nbsp;<\/p>\n<p>Sul sito web specifico, dopo aver fornito alcuni dati personali, adesioni e autorizzazioni richieste, e dopo aver indicato un indirizzo email, l\u2019interessato riceve via email il link per confermare l\u2019intenzione di firmare.<\/p>\n<p>&nbsp;<\/p>\n<p>Cliccandoci, una schermata offre tre modalit\u00e0 di sottoscrizione, tra cui quella con <strong>una <a href=\"https:\/\/id.infocamere.it\/firma-digitale-camera-di-commercio.html\">Firma Digitale<\/a> gi\u00e0 in possesso del cittadino. <\/strong>Questa modalit\u00e0 \u00e8 quella auspicata dagli stessi promotori, perch\u00e9 priva di costi aggiuntivi sia per loro sia per il potenziale sostenitore del referendum.<\/p>\n<p>&nbsp;<\/p>\n<p>Cos\u00ec, dopo aver scelto questa modalit\u00e0, chi \u00e8 gi\u00e0 titolare di Firma Digitale, ad esempio, <strong>un <a href=\"https:\/\/id.infocamere.it\/token-firma-digitale.html\">Token Digital DNA<\/a> o una <a href=\"https:\/\/id.infocamere.it\/smartcard_one.html\">Smart Card<\/a> <\/strong>riceve una nuova email con:<\/p>\n<p>&nbsp;<\/p>\n<ul>\n<li>&#8211; Il PDF da sottoscrivere mediante la <strong><a href=\"https:\/\/id.infocamere.it\/news\/token-firma-digitale-cose-e-come-usarlo\/\">procedura di firma<\/a><\/strong><\/li>\n<li>&#8211; Il link alla pagina web su cui caricare il PDF sottoscritto<\/li>\n<\/ul>\n<p>&nbsp;<\/p>\n<p>Sono questi due passaggi rapidissimi a concludere il processo di <strong>firma a sostegno del referendum<\/strong>. Davvero facile.<\/p>\n<p>&nbsp;<\/p>\n<p>Gaber cantava che la libert\u00e0 \u00e8 partecipazione. Da oggi partecipare potrebbe essere molto pi\u00f9 semplice.<\/p>\n<p>&nbsp;<\/p>\n<p>Semplice, come avere una <strong><a href=\"https:\/\/id.infocamere.it\/firma-digitale-camera-di-commercio.html\">Firma Digitale<\/a> completamente online<\/strong>, in completa autonomia identificandosi con <a href=\"https:\/\/id.infocamere.it\/news\/firma-digitale-con-spid\/\">SPID<\/a> o CNS o prenotando un video-riconoscimento con un operatore reale.<\/p>\n","protected":false},"excerpt":{"rendered":"<p class=\"excerpt\">Un servizio di Firma Digitale non \u00e8 utile solo per fare impresa. Dal 2021 con la Firma Digitale \u00e8 anche possibile sottoscrivere le proposte di referendum.<\/p>\n","protected":false},"author":2,"featured_media":7813,"comment_status":"open","ping_status":"open","sticky":false,"template":"","format":"standard","meta":{"inline_featured_image":false},"categories":[24,34],"tags":[30,51],"acf":[],"yoast_head":"<!-- This site is optimized with the Yoast SEO plugin v17.3 - https:\/\/yoast.com\/wordpress\/plugins\/seo\/ -->\n<title>Referendum con Firma Digitale<\/title>\n<meta name=\"description\" content=\"Con l&#039;approvazione del Decreto Semplificazioni Bis, \u00e8 ora possibile sottoscrivere le proposte di referendum con Firma Digitale.\" \/>\n<meta name=\"robots\" content=\"index, follow, max-snippet:-1, max-image-preview:large, max-video-preview:-1\" \/>\n<link rel=\"canonical\" href=\"https:\/\/id.infocamere.it\/news\/utilizza-la-tua-firma-digitale-anche-per-i-referendum\/\" \/>\n<meta property=\"og:locale\" content=\"it_IT\" \/>\n<meta property=\"og:type\" content=\"article\" \/>\n<meta property=\"og:title\" content=\"Referendum con Firma Digitale\" \/>\n<meta property=\"og:description\" content=\"Con l&#039;approvazione del Decreto Semplificazioni Bis, \u00e8 ora possibile sottoscrivere le proposte di referendum con Firma Digitale.\" \/>\n<meta property=\"og:url\" content=\"https:\/\/id.infocamere.it\/news\/utilizza-la-tua-firma-digitale-anche-per-i-referendum\/\" \/>\n<meta property=\"og:site_name\" content=\"infocamere\" \/>\n<meta property=\"article:published_time\" content=\"2021-11-29T14:22:19+00:00\" \/>\n<meta property=\"article:modified_time\" content=\"2024-02-02T09:27:26+00:00\" \/>\n<meta property=\"og:image\" content=\"https:\/\/id.infocamere.it\/news\/wp-content\/uploads\/2021\/11\/referendum-1.jpg\" \/>\n\t<meta property=\"og:image:width\" content=\"1200\" \/>\n\t<meta property=\"og:image:height\" content=\"1200\" \/>\n<meta name=\"twitter:card\" content=\"summary_large_image\" \/>\n<meta name=\"twitter:label1\" content=\"Scritto da\" \/>\n\t<meta name=\"twitter:data1\" content=\"Redazione\" \/>\n\t<meta name=\"twitter:label2\" content=\"Tempo di lettura stimato\" \/>\n\t<meta name=\"twitter:data2\" content=\"3 minuti\" \/>\n<script type=\"application\/ld+json\" class=\"yoast-schema-graph\">{\"@context\":\"https:\/\/schema.org\",\"@graph\":[{\"@type\":\"WebSite\",\"@id\":\"https:\/\/id.infocamere.it\/news\/#website\",\"url\":\"https:\/\/id.infocamere.it\/news\/\",\"name\":\"infocamere\",\"description\":\"\",\"potentialAction\":[{\"@type\":\"SearchAction\",\"target\":{\"@type\":\"EntryPoint\",\"urlTemplate\":\"https:\/\/id.infocamere.it\/news\/?s={search_term_string}\"},\"query-input\":\"required name=search_term_string\"}],\"inLanguage\":\"it-IT\"},{\"@type\":\"ImageObject\",\"@id\":\"https:\/\/id.infocamere.it\/news\/utilizza-la-tua-firma-digitale-anche-per-i-referendum\/#primaryimage\",\"inLanguage\":\"it-IT\",\"url\":\"https:\/\/id.infocamere.it\/news\/wp-content\/uploads\/2021\/11\/referendum-1.jpg\",\"contentUrl\":\"https:\/\/id.infocamere.it\/news\/wp-content\/uploads\/2021\/11\/referendum-1.jpg\",\"width\":1200,\"height\":1200},{\"@type\":\"WebPage\",\"@id\":\"https:\/\/id.infocamere.it\/news\/utilizza-la-tua-firma-digitale-anche-per-i-referendum\/#webpage\",\"url\":\"https:\/\/id.infocamere.it\/news\/utilizza-la-tua-firma-digitale-anche-per-i-referendum\/\",\"name\":\"Referendum con Firma Digitale\",\"isPartOf\":{\"@id\":\"https:\/\/id.infocamere.it\/news\/#website\"},\"primaryImageOfPage\":{\"@id\":\"https:\/\/id.infocamere.it\/news\/utilizza-la-tua-firma-digitale-anche-per-i-referendum\/#primaryimage\"},\"datePublished\":\"2021-11-29T14:22:19+00:00\",\"dateModified\":\"2024-02-02T09:27:26+00:00\",\"author\":{\"@id\":\"https:\/\/id.infocamere.it\/news\/#\/schema\/person\/31243584287404766bb9edf206b24cde\"},\"description\":\"Con l'approvazione del Decreto Semplificazioni Bis, \\u00e8 ora possibile sottoscrivere le proposte di referendum con Firma Digitale.\",\"breadcrumb\":{\"@id\":\"https:\/\/id.infocamere.it\/news\/utilizza-la-tua-firma-digitale-anche-per-i-referendum\/#breadcrumb\"},\"inLanguage\":\"it-IT\",\"potentialAction\":[{\"@type\":\"ReadAction\",\"target\":[\"https:\/\/id.infocamere.it\/news\/utilizza-la-tua-firma-digitale-anche-per-i-referendum\/\"]}]},{\"@type\":\"BreadcrumbList\",\"@id\":\"https:\/\/id.infocamere.it\/news\/utilizza-la-tua-firma-digitale-anche-per-i-referendum\/#breadcrumb\",\"itemListElement\":[{\"@type\":\"ListItem\",\"position\":1,\"name\":\"News\",\"item\":\"https:\/\/id.infocamere.it\/news\/\"},{\"@type\":\"ListItem\",\"position\":2,\"name\":\"Referendum con Firma Digitale\"}]},{\"@type\":\"Person\",\"@id\":\"https:\/\/id.infocamere.it\/news\/#\/schema\/person\/31243584287404766bb9edf206b24cde\",\"name\":\"Redazione\",\"image\":{\"@type\":\"ImageObject\",\"@id\":\"https:\/\/id.infocamere.it\/news\/#personlogo\",\"inLanguage\":\"it-IT\",\"url\":\"https:\/\/id.infocamere.it\/news\/wp-content\/wphb-cache\/gravatar\/c61\/c6125711c4a412fdada51ec7f87167d9x96.jpg\",\"contentUrl\":\"https:\/\/id.infocamere.it\/news\/wp-content\/wphb-cache\/gravatar\/c61\/c6125711c4a412fdada51ec7f87167d9x96.jpg\",\"caption\":\"Redazione\"},\"sameAs\":[\"marketing\"],\"url\":\"https:\/\/id.infocamere.it\/news\/author\/redazione\/\"}]}<\/script>\n<!-- \/ Yoast SEO plugin. -->","yoast_head_json":{"title":"Referendum con Firma Digitale","description":"Con l'approvazione del Decreto Semplificazioni Bis, \u00e8 ora possibile sottoscrivere le proposte di referendum con Firma Digitale.","robots":{"index":"index","follow":"follow","max-snippet":"max-snippet:-1","max-image-preview":"max-image-preview:large","max-video-preview":"max-video-preview:-1"},"canonical":"https:\/\/id.infocamere.it\/news\/utilizza-la-tua-firma-digitale-anche-per-i-referendum\/","og_locale":"it_IT","og_type":"article","og_title":"Referendum con Firma Digitale","og_description":"Con l'approvazione del Decreto Semplificazioni Bis, \u00e8 ora possibile sottoscrivere le proposte di referendum con Firma Digitale.","og_url":"https:\/\/id.infocamere.it\/news\/utilizza-la-tua-firma-digitale-anche-per-i-referendum\/","og_site_name":"infocamere","article_published_time":"2021-11-29T14:22:19+00:00","article_modified_time":"2024-02-02T09:27:26+00:00","og_image":[{"width":1200,"height":1200,"url":"https:\/\/id.infocamere.it\/news\/wp-content\/uploads\/2021\/11\/referendum-1.jpg","type":"image\/jpeg"}],"twitter_card":"summary_large_image","twitter_misc":{"Scritto da":"Redazione","Tempo di lettura stimato":"3 minuti"},"schema":{"@context":"https:\/\/schema.org","@graph":[{"@type":"WebSite","@id":"https:\/\/id.infocamere.it\/news\/#website","url":"https:\/\/id.infocamere.it\/news\/","name":"infocamere","description":"","potentialAction":[{"@type":"SearchAction","target":{"@type":"EntryPoint","urlTemplate":"https:\/\/id.infocamere.it\/news\/?s={search_term_string}"},"query-input":"required name=search_term_string"}],"inLanguage":"it-IT"},{"@type":"ImageObject","@id":"https:\/\/id.infocamere.it\/news\/utilizza-la-tua-firma-digitale-anche-per-i-referendum\/#primaryimage","inLanguage":"it-IT","url":"https:\/\/id.infocamere.it\/news\/wp-content\/uploads\/2021\/11\/referendum-1.jpg","contentUrl":"https:\/\/id.infocamere.it\/news\/wp-content\/uploads\/2021\/11\/referendum-1.jpg","width":1200,"height":1200},{"@type":"WebPage","@id":"https:\/\/id.infocamere.it\/news\/utilizza-la-tua-firma-digitale-anche-per-i-referendum\/#webpage","url":"https:\/\/id.infocamere.it\/news\/utilizza-la-tua-firma-digitale-anche-per-i-referendum\/","name":"Referendum con Firma Digitale","isPartOf":{"@id":"https:\/\/id.infocamere.it\/news\/#website"},"primaryImageOfPage":{"@id":"https:\/\/id.infocamere.it\/news\/utilizza-la-tua-firma-digitale-anche-per-i-referendum\/#primaryimage"},"datePublished":"2021-11-29T14:22:19+00:00","dateModified":"2024-02-02T09:27:26+00:00","author":{"@id":"https:\/\/id.infocamere.it\/news\/#\/schema\/person\/31243584287404766bb9edf206b24cde"},"description":"Con l'approvazione del Decreto Semplificazioni Bis, \u00e8 ora possibile sottoscrivere le proposte di referendum con Firma Digitale.","breadcrumb":{"@id":"https:\/\/id.infocamere.it\/news\/utilizza-la-tua-firma-digitale-anche-per-i-referendum\/#breadcrumb"},"inLanguage":"it-IT","potentialAction":[{"@type":"ReadAction","target":["https:\/\/id.infocamere.it\/news\/utilizza-la-tua-firma-digitale-anche-per-i-referendum\/"]}]},{"@type":"BreadcrumbList","@id":"https:\/\/id.infocamere.it\/news\/utilizza-la-tua-firma-digitale-anche-per-i-referendum\/#breadcrumb","itemListElement":[{"@type":"ListItem","position":1,"name":"News","item":"https:\/\/id.infocamere.it\/news\/"},{"@type":"ListItem","position":2,"name":"Referendum con Firma Digitale"}]},{"@type":"Person","@id":"https:\/\/id.infocamere.it\/news\/#\/schema\/person\/31243584287404766bb9edf206b24cde","name":"Redazione","image":{"@type":"ImageObject","@id":"https:\/\/id.infocamere.it\/news\/#personlogo","inLanguage":"it-IT","url":"https:\/\/id.infocamere.it\/news\/wp-content\/wphb-cache\/gravatar\/c61\/c6125711c4a412fdada51ec7f87167d9x96.jpg","contentUrl":"https:\/\/id.infocamere.it\/news\/wp-content\/wphb-cache\/gravatar\/c61\/c6125711c4a412fdada51ec7f87167d9x96.jpg","caption":"Redazione"},"sameAs":["marketing"],"url":"https:\/\/id.infocamere.it\/news\/author\/redazione\/"}]}},"_links":{"self":[{"href":"https:\/\/id.infocamere.it\/news\/wp-json\/wp\/v2\/posts\/5743"}],"collection":[{"href":"https:\/\/id.infocamere.it\/news\/wp-json\/wp\/v2\/posts"}],"about":[{"href":"https:\/\/id.infocamere.it\/news\/wp-json\/wp\/v2\/types\/post"}],"author":[{"embeddable":true,"href":"https:\/\/id.infocamere.it\/news\/wp-json\/wp\/v2\/users\/2"}],"replies":[{"embeddable":true,"href":"https:\/\/id.infocamere.it\/news\/wp-json\/wp\/v2\/comments?post=5743"}],"version-history":[{"count":20,"href":"https:\/\/id.infocamere.it\/news\/wp-json\/wp\/v2\/posts\/5743\/revisions"}],"predecessor-version":[{"id":8961,"href":"https:\/\/id.infocamere.it\/news\/wp-json\/wp\/v2\/posts\/5743\/revisions\/8961"}],"wp:featuredmedia":[{"embeddable":true,"href":"https:\/\/id.infocamere.it\/news\/wp-json\/wp\/v2\/media\/7813"}],"wp:attachment":[{"href":"https:\/\/id.infocamere.it\/news\/wp-json\/wp\/v2\/media?parent=5743"}],"wp:term":[{"taxonomy":"category","embeddable":true,"href":"https:\/\/id.infocamere.it\/news\/wp-json\/wp\/v2\/categories?post=5743"},{"taxonomy":"post_tag","embeddable":true,"href":"https:\/\/id.infocamere.it\/news\/wp-json\/wp\/v2\/tags?post=5743"}],"curies":[{"name":"wp","href":"https:\/\/api.w.org\/{rel}","templated":true}]}}